{"id":2201,"date":"2026-04-17T08:46:00","date_gmt":"2026-04-17T06:46:00","guid":{"rendered":"https:\/\/commonsensealigners.com\/?p=2201"},"modified":"2026-04-14T17:54:54","modified_gmt":"2026-04-14T15:54:54","slug":"como-llevar-a-la-arcada-un-diente-retenido","status":"publish","type":"post","link":"https:\/\/commonsensealigners.com\/en\/como-llevar-a-la-arcada-un-diente-retenido\/","title":{"rendered":"C\u00f3mo llevar a la arcada un diente retenido con alineadores"},"content":{"rendered":"<p>La tracci\u00f3n y posicionamiento de un diente retenido con alineadores exige una planificaci\u00f3n distinta a la que los algoritmos suelen proponer por defecto. Los sistemas digitales tienden a movilizar todas las piezas desde el inicio del tratamiento, pero en el caso de un diente incluido o retenido, esa estrategia suele ser poco predecible.<\/p>\n\n\n\n<p>El problema no es la capacidad del alineador para mover dientes. El problema es el momento en el que se decide hacerlo.<\/p>\n\n\n\n<h2 class=\"wp-block-heading\"><strong>Primera fase: generar espacio real<\/strong><\/h2>\n\n\n\n<p>Antes de intentar incorporar el diente retenido a la arcada, es imprescindible crear un espacio suficiente y estable. Si el alineador intenta traccionar una pieza cuando a\u00fan no existe un entorno anat\u00f3mico favorable, el control ser\u00e1 limitado, especialmente si la corona cl\u00ednica expuesta es reducida.<\/p>\n\n\n\n<p>En estos casos, la planificaci\u00f3n inicial no debe centrarse en el diente retenido, sino en el resto de la arcada. La secuencia puede incluir:<\/p>\n\n\n\n<ul class=\"wp-block-list\">\n<li>Movimientos de alineaci\u00f3n y nivelaci\u00f3n.<\/li>\n\n\n\n<li>Deslizamientos molares secuenciales.<\/li>\n\n\n\n<li>Redistribuci\u00f3n de espacios en el cuadrante correspondiente.<br><\/li>\n<\/ul>\n\n\n\n<p>El objetivo es terminar esta primera fase con un espacio ligeramente sobredimensionado respecto al tama\u00f1o final previsto. Esta sobrecorrecci\u00f3n planificada compensa las p\u00e9rdidas de expresi\u00f3n cl\u00ednica habituales y facilita el siguiente paso.<\/p>\n\n\n\n<p>Intentar traccionar sin espacio suficiente no solo dificulta el movimiento, sino que reduce el contacto efectivo entre alineador y corona, comprometiendo el control.<\/p>\n\n\n\n<h2 class=\"wp-block-heading\"><strong>Nuevo escaneado y segunda planificaci\u00f3n<\/strong><\/h2>\n\n\n\n<p>Una vez generado el espacio y optimizada la situaci\u00f3n anat\u00f3mica, es recomendable realizar un nuevo escaneado. Este punto es clave.<\/p>\n\n\n\n<p>Con mayor exposici\u00f3n coronaria y un entorno oclusal m\u00e1s favorable, el alineador puede ejercer un control mucho m\u00e1s eficiente. La planificaci\u00f3n del movimiento vertical ya sea de extrusi\u00f3n o desimpactaci\u00f3n, dependiendo del caso, se realiza entonces en condiciones mec\u00e1nicas distintas a las iniciales.<\/p>\n\n\n\n<p>En el Sistema de Biomec\u00e1nica Avanzada con Alineadores insistimos en esta idea: no todo debe resolverse en el primer set de alineadores. Dividir el tratamiento en fases estrat\u00e9gicas mejora la predictibilidad y reduce la necesidad de correcciones posteriores.<\/p>\n\n\n\n<h2 class=\"wp-block-heading\"><strong>Movimiento vertical y aumento de superficie de control<\/strong><\/h2>\n\n\n\n<p>El movimiento vertical del diente retenido no solo tiene como objetivo llevarlo hacia la arcada. Tambi\u00e9n incrementa la superficie coronaria disponible para el contacto con el alineador.<\/p>\n\n\n\n<p>Este aumento de superficie mejora la transmisi\u00f3n de fuerzas y permite que, en una fase posterior, las rotaciones y ajustes tridimensionales se expresen con mayor precisi\u00f3n.<\/p>\n\n\n\n<p>Es un planteamiento secuencial: primero espacio, despu\u00e9s verticalizaci\u00f3n, y finalmente integraci\u00f3n completa en la arcada.<\/p>\n\n\n\n<h2 class=\"wp-block-heading\"><strong>Mantener el espacio durante la tracci\u00f3n<\/strong><\/h2>\n\n\n\n<p>Un aspecto cr\u00edtico es conservar el espacio creado durante la fase inicial. Si no se controla adecuadamente, los dientes adyacentes tienden a ocuparlo parcialmente, reduciendo la eficiencia del segundo plan de tratamiento.<\/p>\n\n\n\n<p>Por eso, la planificaci\u00f3n debe prever la estabilizaci\u00f3n de ese espacio mientras el diente retenido se posiciona progresivamente.<\/p>\n\n\n\n<h2 class=\"wp-block-heading\"><strong>Secuencia frente a simultaneidad<\/strong><\/h2>\n\n\n\n<p>La tentaci\u00f3n de resolver todo en una \u00fanica planificaci\u00f3n suele responder m\u00e1s a la l\u00f3gica del software que a la l\u00f3gica biomec\u00e1nica.<\/p>\n\n\n\n<p>La experiencia cl\u00ednica demuestra que dividir el proceso en fases: espacio, nuevo registro, movimiento vertical y ajuste final, ofrece mayor control y previsibilidad. El tratamiento se vuelve m\u00e1s estable porque cada etapa tiene un objetivo mec\u00e1nico claro.<\/p>\n\n\n\n<p>En el Sistema de Biomec\u00e1nica Avanzada con Alineadores ense\u00f1amos precisamente este enfoque: dise\u00f1ar tratamientos complejos con alineadores mediante secuencias estrat\u00e9gicas, no mediante movimientos simult\u00e1neos que el sistema propone de forma autom\u00e1tica.<\/p>\n\n\n\n<p>La diferencia no est\u00e1 en la tecnolog\u00eda. Est\u00e1 en c\u00f3mo se estructura la biomec\u00e1nica.<\/p>\n\n\n\n<hr class=\"wp-block-separator has-alpha-channel-opacity\"\/>\n\n\n\n<p>Si quieres profundizar en c\u00f3mo planificar la incorporaci\u00f3n de dientes retenidos con un enfoque secuencial y predecible, puedes conocer m\u00e1s sobre el <a href=\"https:\/\/commonsensealigners.com\/en\/domina-los-alineadores\/\"><strong>Sistema de Biomec\u00e1nica Avanzada con Alineadores<\/strong> <\/a>en Common Sense Aligners.<\/p>","protected":false},"excerpt":{"rendered":"<p>La tracci\u00f3n y posicionamiento de un diente retenido con alineadores exige una planificaci\u00f3n distinta a la que los algoritmos suelen proponer por defecto. Los sistemas digitales tienden a movilizar todas las piezas desde el inicio del tratamiento, pero en el caso de un diente incluido o retenido, esa estrategia suele ser poco predecible. El problema&#8230;<\/p>","protected":false},"author":1,"featured_media":2202,"comment_status":"closed","ping_status":"closed","sticky":false,"template":"","format":"standard","meta":{"_acf_changed":false,"_kad_post_transparent":"","_kad_post_title":"","_kad_post_layout":"","_kad_post_sidebar_id":"","_kad_post_content_style":"","_kad_post_vertical_padding":"","_kad_post_feature":"","_kad_post_feature_position":"","_kad_post_header":false,"_kad_post_footer":false,"footnotes":""},"categories":[1],"tags":[],"class_list":["post-2201","post","type-post","status-publish","format-standard","has-post-thumbnail","hentry","category-general"],"acf":[],"yoast_head":"<!-- This site is optimized with the Yoast SEO plugin v23.3 - https:\/\/yoast.com\/wordpress\/plugins\/seo\/ -->\n<title>C\u00f3mo llevar a la arcada un diente retenido con alineadores<\/title>\n<meta name=\"description\" content=\"El movimiento vertical del diente retenido no solo tiene como objetivo llevarlo hacia la arcada. Te ense\u00f1amos qu\u00e9 hacer.\" \/>\n<meta name=\"robots\" content=\"index, follow, max-snippet:-1, max-image-preview:large, max-video-preview:-1\" \/>\n<link rel=\"canonical\" href=\"https:\/\/commonsensealigners.com\/en\/como-llevar-a-la-arcada-un-diente-retenido\/\" \/>\n<meta property=\"og:locale\" content=\"en_GB\" \/>\n<meta property=\"og:type\" content=\"article\" \/>\n<meta property=\"og:title\" content=\"C\u00f3mo llevar a la arcada un diente retenido con alineadores\" \/>\n<meta property=\"og:description\" content=\"El movimiento vertical del diente retenido no solo tiene como objetivo llevarlo hacia la arcada. Te ense\u00f1amos qu\u00e9 hacer.\" \/>\n<meta property=\"og:url\" content=\"https:\/\/commonsensealigners.com\/en\/como-llevar-a-la-arcada-un-diente-retenido\/\" \/>\n<meta property=\"og:site_name\" content=\"Common Sense Aligners\" \/>\n<meta property=\"article:publisher\" content=\"https:\/\/www.instagram.com\/commonsensealigners\" \/>\n<meta property=\"article:published_time\" content=\"2026-04-17T06:46:00+00:00\" \/>\n<meta property=\"article:modified_time\" content=\"2026-04-14T15:54:54+00:00\" \/>\n<meta property=\"og:image\" content=\"https:\/\/commonsensealigners.com\/wp-content\/uploads\/MINIATURA-YOUTUBE-CSA-BLOG-4.jpg\" \/>\n\t<meta property=\"og:image:width\" content=\"1280\" \/>\n\t<meta property=\"og:image:height\" content=\"720\" \/>\n\t<meta property=\"og:image:type\" content=\"image\/jpeg\" \/>\n<meta name=\"author\" content=\"Common Sense Aligners\" \/>\n<meta name=\"twitter:card\" content=\"summary_large_image\" \/>\n<meta name=\"twitter:label1\" content=\"Written by\" \/>\n\t<meta name=\"twitter:data1\" content=\"Common Sense Aligners\" \/>\n\t<meta name=\"twitter:label2\" content=\"Estimated reading time\" \/>\n\t<meta name=\"twitter:data2\" content=\"3 minutes\" \/>\n<script type=\"application\/ld+json\" class=\"yoast-schema-graph\">{\"@context\":\"https:\/\/schema.org\",\"@graph\":[{\"@type\":\"Article\",\"@id\":\"https:\/\/commonsensealigners.com\/como-llevar-a-la-arcada-un-diente-retenido\/#article\",\"isPartOf\":{\"@id\":\"https:\/\/commonsensealigners.com\/como-llevar-a-la-arcada-un-diente-retenido\/\"},\"author\":{\"name\":\"Common Sense Aligners\",\"@id\":\"https:\/\/commonsensealigners.com\/#\/schema\/person\/92ad13f52d18537425c7e990e1264c22\"},\"headline\":\"C\u00f3mo llevar a la arcada un diente retenido con alineadores\",\"datePublished\":\"2026-04-17T06:46:00+00:00\",\"dateModified\":\"2026-04-14T15:54:54+00:00\",\"mainEntityOfPage\":{\"@id\":\"https:\/\/commonsensealigners.com\/como-llevar-a-la-arcada-un-diente-retenido\/\"},\"wordCount\":666,\"publisher\":{\"@id\":\"https:\/\/commonsensealigners.com\/#organization\"},\"image\":{\"@id\":\"https:\/\/commonsensealigners.com\/como-llevar-a-la-arcada-un-diente-retenido\/#primaryimage\"},\"thumbnailUrl\":\"https:\/\/commonsensealigners.com\/wp-content\/uploads\/MINIATURA-YOUTUBE-CSA-BLOG-4.jpg\",\"articleSection\":[\"General\"],\"inLanguage\":\"en-GB\"},{\"@type\":\"WebPage\",\"@id\":\"https:\/\/commonsensealigners.com\/como-llevar-a-la-arcada-un-diente-retenido\/\",\"url\":\"https:\/\/commonsensealigners.com\/como-llevar-a-la-arcada-un-diente-retenido\/\",\"name\":\"C\u00f3mo llevar a la arcada un diente retenido con alineadores\",\"isPartOf\":{\"@id\":\"https:\/\/commonsensealigners.com\/#website\"},\"primaryImageOfPage\":{\"@id\":\"https:\/\/commonsensealigners.com\/como-llevar-a-la-arcada-un-diente-retenido\/#primaryimage\"},\"image\":{\"@id\":\"https:\/\/commonsensealigners.com\/como-llevar-a-la-arcada-un-diente-retenido\/#primaryimage\"},\"thumbnailUrl\":\"https:\/\/commonsensealigners.com\/wp-content\/uploads\/MINIATURA-YOUTUBE-CSA-BLOG-4.jpg\",\"datePublished\":\"2026-04-17T06:46:00+00:00\",\"dateModified\":\"2026-04-14T15:54:54+00:00\",\"description\":\"El movimiento vertical del diente retenido no solo tiene como objetivo llevarlo hacia la arcada. Te ense\u00f1amos qu\u00e9 hacer.\",\"breadcrumb\":{\"@id\":\"https:\/\/commonsensealigners.com\/como-llevar-a-la-arcada-un-diente-retenido\/#breadcrumb\"},\"inLanguage\":\"en-GB\",\"potentialAction\":[{\"@type\":\"ReadAction\",\"target\":[\"https:\/\/commonsensealigners.com\/como-llevar-a-la-arcada-un-diente-retenido\/\"]}]},{\"@type\":\"ImageObject\",\"inLanguage\":\"en-GB\",\"@id\":\"https:\/\/commonsensealigners.com\/como-llevar-a-la-arcada-un-diente-retenido\/#primaryimage\",\"url\":\"https:\/\/commonsensealigners.com\/wp-content\/uploads\/MINIATURA-YOUTUBE-CSA-BLOG-4.jpg\",\"contentUrl\":\"https:\/\/commonsensealigners.com\/wp-content\/uploads\/MINIATURA-YOUTUBE-CSA-BLOG-4.jpg\",\"width\":1280,\"height\":720},{\"@type\":\"BreadcrumbList\",\"@id\":\"https:\/\/commonsensealigners.com\/como-llevar-a-la-arcada-un-diente-retenido\/#breadcrumb\",\"itemListElement\":[{\"@type\":\"ListItem\",\"position\":1,\"name\":\"Portada\",\"item\":\"https:\/\/commonsensealigners.com\/\"},{\"@type\":\"ListItem\",\"position\":2,\"name\":\"C\u00f3mo llevar a la arcada un diente retenido con alineadores\"}]},{\"@type\":\"WebSite\",\"@id\":\"https:\/\/commonsensealigners.com\/#website\",\"url\":\"https:\/\/commonsensealigners.com\/\",\"name\":\"Common Sense Aligners\",\"description\":\"\",\"publisher\":{\"@id\":\"https:\/\/commonsensealigners.com\/#organization\"},\"potentialAction\":[{\"@type\":\"SearchAction\",\"target\":{\"@type\":\"EntryPoint\",\"urlTemplate\":\"https:\/\/commonsensealigners.com\/?s={search_term_string}\"},\"query-input\":\"required name=search_term_string\"}],\"inLanguage\":\"en-GB\"},{\"@type\":\"Organization\",\"@id\":\"https:\/\/commonsensealigners.com\/#organization\",\"name\":\"Common Sense Aligners\",\"url\":\"https:\/\/commonsensealigners.com\/\",\"logo\":{\"@type\":\"ImageObject\",\"inLanguage\":\"en-GB\",\"@id\":\"https:\/\/commonsensealigners.com\/#\/schema\/logo\/image\/\",\"url\":\"https:\/\/commonsensealigners.com\/wp-content\/uploads\/2024\/07\/CSA_Simbolo_3D_2.png\",\"contentUrl\":\"https:\/\/commonsensealigners.com\/wp-content\/uploads\/2024\/07\/CSA_Simbolo_3D_2.png\",\"width\":513,\"height\":513,\"caption\":\"Common Sense Aligners\"},\"image\":{\"@id\":\"https:\/\/commonsensealigners.com\/#\/schema\/logo\/image\/\"},\"sameAs\":[\"https:\/\/www.instagram.com\/commonsensealigners\"]},{\"@type\":\"Person\",\"@id\":\"https:\/\/commonsensealigners.com\/#\/schema\/person\/92ad13f52d18537425c7e990e1264c22\",\"name\":\"Common Sense Aligners\",\"sameAs\":[\"https:\/\/viviendoenred.com\/common\"],\"url\":\"https:\/\/commonsensealigners.com\/en\/author\/admincommon\/\"}]}<\/script>\n<!-- \/ Yoast SEO plugin. -->","yoast_head_json":{"title":"C\u00f3mo llevar a la arcada un diente retenido con alineadores","description":"El movimiento vertical del diente retenido no solo tiene como objetivo llevarlo hacia la arcada. Te ense\u00f1amos qu\u00e9 hacer.","robots":{"index":"index","follow":"follow","max-snippet":"max-snippet:-1","max-image-preview":"max-image-preview:large","max-video-preview":"max-video-preview:-1"},"canonical":"https:\/\/commonsensealigners.com\/en\/como-llevar-a-la-arcada-un-diente-retenido\/","og_locale":"en_GB","og_type":"article","og_title":"C\u00f3mo llevar a la arcada un diente retenido con alineadores","og_description":"El movimiento vertical del diente retenido no solo tiene como objetivo llevarlo hacia la arcada. Te ense\u00f1amos qu\u00e9 hacer.","og_url":"https:\/\/commonsensealigners.com\/en\/como-llevar-a-la-arcada-un-diente-retenido\/","og_site_name":"Common Sense Aligners","article_publisher":"https:\/\/www.instagram.com\/commonsensealigners","article_published_time":"2026-04-17T06:46:00+00:00","article_modified_time":"2026-04-14T15:54:54+00:00","og_image":[{"width":1280,"height":720,"url":"https:\/\/commonsensealigners.com\/wp-content\/uploads\/MINIATURA-YOUTUBE-CSA-BLOG-4.jpg","type":"image\/jpeg"}],"author":"Common Sense Aligners","twitter_card":"summary_large_image","twitter_misc":{"Written by":"Common Sense Aligners","Estimated reading time":"3 minutes"},"schema":{"@context":"https:\/\/schema.org","@graph":[{"@type":"Article","@id":"https:\/\/commonsensealigners.com\/como-llevar-a-la-arcada-un-diente-retenido\/#article","isPartOf":{"@id":"https:\/\/commonsensealigners.com\/como-llevar-a-la-arcada-un-diente-retenido\/"},"author":{"name":"Common Sense Aligners","@id":"https:\/\/commonsensealigners.com\/#\/schema\/person\/92ad13f52d18537425c7e990e1264c22"},"headline":"C\u00f3mo llevar a la arcada un diente retenido con alineadores","datePublished":"2026-04-17T06:46:00+00:00","dateModified":"2026-04-14T15:54:54+00:00","mainEntityOfPage":{"@id":"https:\/\/commonsensealigners.com\/como-llevar-a-la-arcada-un-diente-retenido\/"},"wordCount":666,"publisher":{"@id":"https:\/\/commonsensealigners.com\/#organization"},"image":{"@id":"https:\/\/commonsensealigners.com\/como-llevar-a-la-arcada-un-diente-retenido\/#primaryimage"},"thumbnailUrl":"https:\/\/commonsensealigners.com\/wp-content\/uploads\/MINIATURA-YOUTUBE-CSA-BLOG-4.jpg","articleSection":["General"],"inLanguage":"en-GB"},{"@type":"WebPage","@id":"https:\/\/commonsensealigners.com\/como-llevar-a-la-arcada-un-diente-retenido\/","url":"https:\/\/commonsensealigners.com\/como-llevar-a-la-arcada-un-diente-retenido\/","name":"C\u00f3mo llevar a la arcada un diente retenido con alineadores","isPartOf":{"@id":"https:\/\/commonsensealigners.com\/#website"},"primaryImageOfPage":{"@id":"https:\/\/commonsensealigners.com\/como-llevar-a-la-arcada-un-diente-retenido\/#primaryimage"},"image":{"@id":"https:\/\/commonsensealigners.com\/como-llevar-a-la-arcada-un-diente-retenido\/#primaryimage"},"thumbnailUrl":"https:\/\/commonsensealigners.com\/wp-content\/uploads\/MINIATURA-YOUTUBE-CSA-BLOG-4.jpg","datePublished":"2026-04-17T06:46:00+00:00","dateModified":"2026-04-14T15:54:54+00:00","description":"El movimiento vertical del diente retenido no solo tiene como objetivo llevarlo hacia la arcada. Te ense\u00f1amos qu\u00e9 hacer.","breadcrumb":{"@id":"https:\/\/commonsensealigners.com\/como-llevar-a-la-arcada-un-diente-retenido\/#breadcrumb"},"inLanguage":"en-GB","potentialAction":[{"@type":"ReadAction","target":["https:\/\/commonsensealigners.com\/como-llevar-a-la-arcada-un-diente-retenido\/"]}]},{"@type":"ImageObject","inLanguage":"en-GB","@id":"https:\/\/commonsensealigners.com\/como-llevar-a-la-arcada-un-diente-retenido\/#primaryimage","url":"https:\/\/commonsensealigners.com\/wp-content\/uploads\/MINIATURA-YOUTUBE-CSA-BLOG-4.jpg","contentUrl":"https:\/\/commonsensealigners.com\/wp-content\/uploads\/MINIATURA-YOUTUBE-CSA-BLOG-4.jpg","width":1280,"height":720},{"@type":"BreadcrumbList","@id":"https:\/\/commonsensealigners.com\/como-llevar-a-la-arcada-un-diente-retenido\/#breadcrumb","itemListElement":[{"@type":"ListItem","position":1,"name":"Portada","item":"https:\/\/commonsensealigners.com\/"},{"@type":"ListItem","position":2,"name":"C\u00f3mo llevar a la arcada un diente retenido con alineadores"}]},{"@type":"WebSite","@id":"https:\/\/commonsensealigners.com\/#website","url":"https:\/\/commonsensealigners.com\/","name":"Common Sense Aligners","description":"","publisher":{"@id":"https:\/\/commonsensealigners.com\/#organization"},"potentialAction":[{"@type":"SearchAction","target":{"@type":"EntryPoint","urlTemplate":"https:\/\/commonsensealigners.com\/?s={search_term_string}"},"query-input":"required name=search_term_string"}],"inLanguage":"en-GB"},{"@type":"Organization","@id":"https:\/\/commonsensealigners.com\/#organization","name":"Common Sense Aligners","url":"https:\/\/commonsensealigners.com\/","logo":{"@type":"ImageObject","inLanguage":"en-GB","@id":"https:\/\/commonsensealigners.com\/#\/schema\/logo\/image\/","url":"https:\/\/commonsensealigners.com\/wp-content\/uploads\/2024\/07\/CSA_Simbolo_3D_2.png","contentUrl":"https:\/\/commonsensealigners.com\/wp-content\/uploads\/2024\/07\/CSA_Simbolo_3D_2.png","width":513,"height":513,"caption":"Common Sense Aligners"},"image":{"@id":"https:\/\/commonsensealigners.com\/#\/schema\/logo\/image\/"},"sameAs":["https:\/\/www.instagram.com\/commonsensealigners"]},{"@type":"Person","@id":"https:\/\/commonsensealigners.com\/#\/schema\/person\/92ad13f52d18537425c7e990e1264c22","name":"Common Sense Aligners","sameAs":["https:\/\/viviendoenred.com\/common"],"url":"https:\/\/commonsensealigners.com\/en\/author\/admincommon\/"}]}},"_links":{"self":[{"href":"https:\/\/commonsensealigners.com\/en\/wp-json\/wp\/v2\/posts\/2201","targetHints":{"allow":["GET"]}}],"collection":[{"href":"https:\/\/commonsensealigners.com\/en\/wp-json\/wp\/v2\/posts"}],"about":[{"href":"https:\/\/commonsensealigners.com\/en\/wp-json\/wp\/v2\/types\/post"}],"author":[{"embeddable":true,"href":"https:\/\/commonsensealigners.com\/en\/wp-json\/wp\/v2\/users\/1"}],"replies":[{"embeddable":true,"href":"https:\/\/commonsensealigners.com\/en\/wp-json\/wp\/v2\/comments?post=2201"}],"version-history":[{"count":1,"href":"https:\/\/commonsensealigners.com\/en\/wp-json\/wp\/v2\/posts\/2201\/revisions"}],"predecessor-version":[{"id":2203,"href":"https:\/\/commonsensealigners.com\/en\/wp-json\/wp\/v2\/posts\/2201\/revisions\/2203"}],"wp:featuredmedia":[{"embeddable":true,"href":"https:\/\/commonsensealigners.com\/en\/wp-json\/wp\/v2\/media\/2202"}],"wp:attachment":[{"href":"https:\/\/commonsensealigners.com\/en\/wp-json\/wp\/v2\/media?parent=2201"}],"wp:term":[{"taxonomy":"category","embeddable":true,"href":"https:\/\/commonsensealigners.com\/en\/wp-json\/wp\/v2\/categories?post=2201"},{"taxonomy":"post_tag","embeddable":true,"href":"https:\/\/commonsensealigners.com\/en\/wp-json\/wp\/v2\/tags?post=2201"}],"curies":[{"name":"wp","href":"https:\/\/api.w.org\/{rel}","templated":true}]}}