{"id":2110,"date":"2026-02-27T08:50:00","date_gmt":"2026-02-27T07:50:00","guid":{"rendered":"https:\/\/commonsensealigners.com\/?p=2110"},"modified":"2026-02-26T17:50:55","modified_gmt":"2026-02-26T16:50:55","slug":"cerrar-diastema-tras-marpe","status":"publish","type":"post","link":"https:\/\/commonsensealigners.com\/en\/cerrar-diastema-tras-marpe\/","title":{"rendered":"C\u00f3mo cerrar el diastema interincisivo tras un MARPE"},"content":{"rendered":"<p>Una vez conseguida la expansi\u00f3n transversal en un paciente adulto tratado con MARPE, muchos doctores se preguntan: vale, \u00bfy ahora como cierro este diastema interincisivo?<\/p>\n\n\n\n<p>La cuesti\u00f3n no es simplemente aproximar coronas, sino decidir c\u00f3mo secuenciar el movimiento para mantener control radicular, aprovechar el anclaje posterior y evitar efectos secundarios indeseados en el frente anterior.<\/p>\n\n\n\n<p>En protocolos inspirados en los dise\u00f1os de expansi\u00f3n descritos por el <a href=\"https:\/\/www.ortoplus.es\/power-expander-dr-perez-varela\/\">Dr. Juan Carlos P\u00e9rez Varela<\/a> (especialmente en configuraciones con seis microtornillos y anclaje esquel\u00e9tico s\u00f3lido) el segmento posterior suele permanecer altamente estable durante la fase inicial tras la disyunci\u00f3n, lo que ofrece una ventaja biomec\u00e1nica clara si se mantiene el MARPE en boca durante el inicio del cierre con alineadores.<\/p>\n\n\n\n<h2 class=\"wp-block-heading\"><strong> El error frecuente: cerrar en bloque<\/strong><\/h2>\n\n\n\n<p>Desde el punto de vista mec\u00e1nico, cerrar simult\u00e1neamente todos los dientes anteriores puede parecer eficiente, pero reduce el control individual y dificulta el manejo del tip radicular. Cuando el objetivo es un cierre estable, la secuenciaci\u00f3n importa m\u00e1s que la velocidad.<\/p>\n\n\n\n<p>Como vemos con mayor detalle en nuestro <a href=\"https:\/\/commonsensealigners.com\/en\/sba-sistema-de-biomecanica-avanzada\/\">Sistema de Biomec\u00e1nica Avanzada con Alineadores<\/a>, debemos trabajar el cierre del diastema como una secuencia intencionada y no como un movimiento global.<\/p>\n\n\n\n<h3 class=\"wp-block-heading\"><strong>Primera fase: incisivos centrales<\/strong><\/h3>\n\n\n\n<p>La estrategia comienza moviendo \u00fanicamente los incisivos centrales.<\/p>\n\n\n\n<p>Esta decisi\u00f3n tiene una l\u00f3gica biomec\u00e1nica bastante clara. Al aislar el movimiento, el alineador mantiene soporte distal suficiente, lo que permite que el pl\u00e1stico act\u00fae como elemento activo de compresi\u00f3n y control. La presencia de material por distal favorece el control del eje del diente y reduce la tendencia a inclinaciones no deseadas.<\/p>\n\n\n\n<p>En esta fase es fundamental programar control radicular real. Esto implica:<\/p>\n\n\n\n<ul class=\"wp-block-list\">\n<li>Dise\u00f1ar el movimiento pensando en la ra\u00edz, no solo en la corona.<br><\/li>\n\n\n\n<li>Incorporar ataches de control radicular cuando el caso lo requiera.<br><\/li>\n\n\n\n<li>A\u00f1adir una ligera intrusi\u00f3n estrat\u00e9gica, incluso en ausencia de un problema vertical evidente.<\/li>\n<\/ul>\n\n\n\n<p>La intrusi\u00f3n no se programa por est\u00e9tica, sino por estabilidad biomec\u00e1nica. Su funci\u00f3n es ayudar a controlar el tip radicular durante el desplazamiento mesial y mejorar la predictibilidad del movimiento.<\/p>\n\n\n\n<p>Cuando el cierre de centrales se realiza bajo estas condiciones, el espacio se reduce con mayor control tridimensional y menor necesidad de refinamientos posteriores.<\/p>\n\n\n\n<h3 class=\"wp-block-heading\"><strong>Segunda fase: incisivos laterales<\/strong><\/h3>\n\n\n\n<p>Una vez estabilizado el movimiento de los centrales, se aplica el mismo patr\u00f3n a los incisivos laterales.<\/p>\n\n\n\n<p>La clave es repetir la l\u00f3gica, no improvisar. El mantenimiento del anclaje posterior gracias a la permanencia del MARPE durante esta etapa permite que el movimiento anterior se produzca sin p\u00e9rdida de control en los sectores posteriores.<\/p>\n\n\n\n<p>El cierre progresa de forma gradual, con control radicular y sin convertir el frente anterior en una zona de compensaciones.<\/p>\n\n\n\n<h3 class=\"wp-block-heading\"><strong>Ajuste final y coordinaci\u00f3n<\/strong><\/h3>\n\n\n\n<p>Solo cuando el frente anterior est\u00e1 correctamente posicionado tiene sentido realizar ajustes menores en caninos y coordinar arcadas.<\/p>\n\n\n\n<p>Este orden no es casual. Responde a una l\u00f3gica biomec\u00e1nica: primero control, despu\u00e9s cierre completo, y finalmente coordinaci\u00f3n.<\/p>\n\n\n\n<h2 class=\"wp-block-heading\"><strong>La importancia de la metodolog\u00eda frente a los movimientos aislados<\/strong><\/h2>\n\n\n\n<p>Cerrar el diastema interincisivo tras un MARPE no debe parecernos anecd\u00f3tico ni un detalle dentro de nuestra planificaci\u00f3n digital solo porque estemos centrados en la primera parte de expansi\u00f3n maxilar. Es una fase biomec\u00e1nicamente sensible que requiere una planificaci\u00f3n consciente y que est\u00e9ticamente genera estr\u00e9s al paciente.&nbsp;<\/p>\n\n\n\n<p>En el Sistema de Biomec\u00e1nica Avanzada con Alineadores ense\u00f1amos precisamente esto: c\u00f3mo secuenciar movimientos, c\u00f3mo utilizar el anclaje disponible y c\u00f3mo dise\u00f1ar cada fase pensando en el control radicular y la predictibilidad cl\u00ednica.<\/p>\n\n\n\n<p>Si quieres profundizar en c\u00f3mo estructuramos este tipo de protocolos y c\u00f3mo aplicarlos de forma sistem\u00e1tica en tu pr\u00e1ctica cl\u00ednica: <a href=\"https:\/\/commonsensealigners.com\/en\/sba-sistema-de-biomecanica-avanzada\/\">inf\u00f3rmate aqu\u00ed<\/a>. <\/p>","protected":false},"excerpt":{"rendered":"<p>Una vez conseguida la expansi\u00f3n transversal en un paciente adulto tratado con MARPE, muchos doctores se preguntan: vale, \u00bfy ahora como cierro este diastema interincisivo? La cuesti\u00f3n no es simplemente aproximar coronas, sino decidir c\u00f3mo secuenciar el movimiento para mantener control radicular, aprovechar el anclaje posterior y evitar efectos secundarios indeseados en el frente anterior&#8230;.<\/p>","protected":false},"author":1,"featured_media":2112,"comment_status":"closed","ping_status":"closed","sticky":false,"template":"","format":"standard","meta":{"_acf_changed":false,"_kad_post_transparent":"","_kad_post_title":"","_kad_post_layout":"","_kad_post_sidebar_id":"","_kad_post_content_style":"","_kad_post_vertical_padding":"","_kad_post_feature":"","_kad_post_feature_position":"","_kad_post_header":false,"_kad_post_footer":false,"footnotes":""},"categories":[1],"tags":[],"class_list":["post-2110","post","type-post","status-publish","format-standard","has-post-thumbnail","hentry","category-general"],"acf":[],"yoast_head":"<!-- This site is optimized with the Yoast SEO plugin v23.3 - https:\/\/yoast.com\/wordpress\/plugins\/seo\/ -->\n<title>C\u00f3mo cerrar el diastema interincisivo tras un MARPE - Common Sense Aligners<\/title>\n<meta name=\"robots\" content=\"index, follow, max-snippet:-1, max-image-preview:large, max-video-preview:-1\" \/>\n<link rel=\"canonical\" href=\"https:\/\/commonsensealigners.com\/en\/cerrar-diastema-tras-marpe\/\" \/>\n<meta property=\"og:locale\" content=\"en_GB\" \/>\n<meta property=\"og:type\" content=\"article\" \/>\n<meta property=\"og:title\" content=\"C\u00f3mo cerrar el diastema interincisivo tras un MARPE - Common Sense Aligners\" \/>\n<meta property=\"og:description\" content=\"Una vez conseguida la expansi\u00f3n transversal en un paciente adulto tratado con MARPE, muchos doctores se preguntan: vale, \u00bfy ahora como cierro este diastema interincisivo? La cuesti\u00f3n no es simplemente aproximar coronas, sino decidir c\u00f3mo secuenciar el movimiento para mantener control radicular, aprovechar el anclaje posterior y evitar efectos secundarios indeseados en el frente anterior....\" \/>\n<meta property=\"og:url\" content=\"https:\/\/commonsensealigners.com\/en\/cerrar-diastema-tras-marpe\/\" \/>\n<meta property=\"og:site_name\" content=\"Common Sense Aligners\" \/>\n<meta property=\"article:publisher\" content=\"https:\/\/www.instagram.com\/commonsensealigners\" \/>\n<meta property=\"article:published_time\" content=\"2026-02-27T07:50:00+00:00\" \/>\n<meta property=\"article:modified_time\" content=\"2026-02-26T16:50:55+00:00\" \/>\n<meta property=\"og:image\" content=\"https:\/\/commonsensealigners.com\/wp-content\/uploads\/MINIATURA-YOUTUBE-CSA-BLOG.jpg\" \/>\n\t<meta property=\"og:image:width\" content=\"1280\" \/>\n\t<meta property=\"og:image:height\" content=\"720\" \/>\n\t<meta property=\"og:image:type\" content=\"image\/jpeg\" \/>\n<meta name=\"author\" content=\"Common Sense Aligners\" \/>\n<meta name=\"twitter:card\" content=\"summary_large_image\" \/>\n<meta name=\"twitter:label1\" content=\"Written by\" \/>\n\t<meta name=\"twitter:data1\" content=\"Common Sense Aligners\" \/>\n\t<meta name=\"twitter:label2\" content=\"Estimated reading time\" \/>\n\t<meta name=\"twitter:data2\" content=\"3 minutes\" \/>\n<script type=\"application\/ld+json\" class=\"yoast-schema-graph\">{\"@context\":\"https:\/\/schema.org\",\"@graph\":[{\"@type\":\"Article\",\"@id\":\"https:\/\/commonsensealigners.com\/cerrar-diastema-tras-marpe\/#article\",\"isPartOf\":{\"@id\":\"https:\/\/commonsensealigners.com\/cerrar-diastema-tras-marpe\/\"},\"author\":{\"name\":\"Common Sense Aligners\",\"@id\":\"https:\/\/commonsensealigners.com\/#\/schema\/person\/92ad13f52d18537425c7e990e1264c22\"},\"headline\":\"C\u00f3mo cerrar el diastema interincisivo tras un MARPE\",\"datePublished\":\"2026-02-27T07:50:00+00:00\",\"dateModified\":\"2026-02-26T16:50:55+00:00\",\"mainEntityOfPage\":{\"@id\":\"https:\/\/commonsensealigners.com\/cerrar-diastema-tras-marpe\/\"},\"wordCount\":656,\"publisher\":{\"@id\":\"https:\/\/commonsensealigners.com\/#organization\"},\"image\":{\"@id\":\"https:\/\/commonsensealigners.com\/cerrar-diastema-tras-marpe\/#primaryimage\"},\"thumbnailUrl\":\"https:\/\/commonsensealigners.com\/wp-content\/uploads\/MINIATURA-YOUTUBE-CSA-BLOG.jpg\",\"articleSection\":[\"General\"],\"inLanguage\":\"en-GB\"},{\"@type\":\"WebPage\",\"@id\":\"https:\/\/commonsensealigners.com\/cerrar-diastema-tras-marpe\/\",\"url\":\"https:\/\/commonsensealigners.com\/cerrar-diastema-tras-marpe\/\",\"name\":\"C\u00f3mo cerrar el diastema interincisivo tras un MARPE - Common Sense Aligners\",\"isPartOf\":{\"@id\":\"https:\/\/commonsensealigners.com\/#website\"},\"primaryImageOfPage\":{\"@id\":\"https:\/\/commonsensealigners.com\/cerrar-diastema-tras-marpe\/#primaryimage\"},\"image\":{\"@id\":\"https:\/\/commonsensealigners.com\/cerrar-diastema-tras-marpe\/#primaryimage\"},\"thumbnailUrl\":\"https:\/\/commonsensealigners.com\/wp-content\/uploads\/MINIATURA-YOUTUBE-CSA-BLOG.jpg\",\"datePublished\":\"2026-02-27T07:50:00+00:00\",\"dateModified\":\"2026-02-26T16:50:55+00:00\",\"breadcrumb\":{\"@id\":\"https:\/\/commonsensealigners.com\/cerrar-diastema-tras-marpe\/#breadcrumb\"},\"inLanguage\":\"en-GB\",\"potentialAction\":[{\"@type\":\"ReadAction\",\"target\":[\"https:\/\/commonsensealigners.com\/cerrar-diastema-tras-marpe\/\"]}]},{\"@type\":\"ImageObject\",\"inLanguage\":\"en-GB\",\"@id\":\"https:\/\/commonsensealigners.com\/cerrar-diastema-tras-marpe\/#primaryimage\",\"url\":\"https:\/\/commonsensealigners.com\/wp-content\/uploads\/MINIATURA-YOUTUBE-CSA-BLOG.jpg\",\"contentUrl\":\"https:\/\/commonsensealigners.com\/wp-content\/uploads\/MINIATURA-YOUTUBE-CSA-BLOG.jpg\",\"width\":1280,\"height\":720},{\"@type\":\"BreadcrumbList\",\"@id\":\"https:\/\/commonsensealigners.com\/cerrar-diastema-tras-marpe\/#breadcrumb\",\"itemListElement\":[{\"@type\":\"ListItem\",\"position\":1,\"name\":\"Portada\",\"item\":\"https:\/\/commonsensealigners.com\/\"},{\"@type\":\"ListItem\",\"position\":2,\"name\":\"C\u00f3mo cerrar el diastema interincisivo tras un MARPE\"}]},{\"@type\":\"WebSite\",\"@id\":\"https:\/\/commonsensealigners.com\/#website\",\"url\":\"https:\/\/commonsensealigners.com\/\",\"name\":\"Common Sense Aligners\",\"description\":\"\",\"publisher\":{\"@id\":\"https:\/\/commonsensealigners.com\/#organization\"},\"potentialAction\":[{\"@type\":\"SearchAction\",\"target\":{\"@type\":\"EntryPoint\",\"urlTemplate\":\"https:\/\/commonsensealigners.com\/?s={search_term_string}\"},\"query-input\":\"required name=search_term_string\"}],\"inLanguage\":\"en-GB\"},{\"@type\":\"Organization\",\"@id\":\"https:\/\/commonsensealigners.com\/#organization\",\"name\":\"Common Sense Aligners\",\"url\":\"https:\/\/commonsensealigners.com\/\",\"logo\":{\"@type\":\"ImageObject\",\"inLanguage\":\"en-GB\",\"@id\":\"https:\/\/commonsensealigners.com\/#\/schema\/logo\/image\/\",\"url\":\"https:\/\/commonsensealigners.com\/wp-content\/uploads\/2024\/07\/CSA_Simbolo_3D_2.png\",\"contentUrl\":\"https:\/\/commonsensealigners.com\/wp-content\/uploads\/2024\/07\/CSA_Simbolo_3D_2.png\",\"width\":513,\"height\":513,\"caption\":\"Common Sense Aligners\"},\"image\":{\"@id\":\"https:\/\/commonsensealigners.com\/#\/schema\/logo\/image\/\"},\"sameAs\":[\"https:\/\/www.instagram.com\/commonsensealigners\"]},{\"@type\":\"Person\",\"@id\":\"https:\/\/commonsensealigners.com\/#\/schema\/person\/92ad13f52d18537425c7e990e1264c22\",\"name\":\"Common Sense Aligners\",\"sameAs\":[\"https:\/\/viviendoenred.com\/common\"],\"url\":\"https:\/\/commonsensealigners.com\/en\/author\/admincommon\/\"}]}<\/script>\n<!-- \/ Yoast SEO plugin. -->","yoast_head_json":{"title":"C\u00f3mo cerrar el diastema interincisivo tras un MARPE - Common Sense Aligners","robots":{"index":"index","follow":"follow","max-snippet":"max-snippet:-1","max-image-preview":"max-image-preview:large","max-video-preview":"max-video-preview:-1"},"canonical":"https:\/\/commonsensealigners.com\/en\/cerrar-diastema-tras-marpe\/","og_locale":"en_GB","og_type":"article","og_title":"C\u00f3mo cerrar el diastema interincisivo tras un MARPE - Common Sense Aligners","og_description":"Una vez conseguida la expansi\u00f3n transversal en un paciente adulto tratado con MARPE, muchos doctores se preguntan: vale, \u00bfy ahora como cierro este diastema interincisivo? La cuesti\u00f3n no es simplemente aproximar coronas, sino decidir c\u00f3mo secuenciar el movimiento para mantener control radicular, aprovechar el anclaje posterior y evitar efectos secundarios indeseados en el frente anterior....","og_url":"https:\/\/commonsensealigners.com\/en\/cerrar-diastema-tras-marpe\/","og_site_name":"Common Sense Aligners","article_publisher":"https:\/\/www.instagram.com\/commonsensealigners","article_published_time":"2026-02-27T07:50:00+00:00","article_modified_time":"2026-02-26T16:50:55+00:00","og_image":[{"width":1280,"height":720,"url":"https:\/\/commonsensealigners.com\/wp-content\/uploads\/MINIATURA-YOUTUBE-CSA-BLOG.jpg","type":"image\/jpeg"}],"author":"Common Sense Aligners","twitter_card":"summary_large_image","twitter_misc":{"Written by":"Common Sense Aligners","Estimated reading time":"3 minutes"},"schema":{"@context":"https:\/\/schema.org","@graph":[{"@type":"Article","@id":"https:\/\/commonsensealigners.com\/cerrar-diastema-tras-marpe\/#article","isPartOf":{"@id":"https:\/\/commonsensealigners.com\/cerrar-diastema-tras-marpe\/"},"author":{"name":"Common Sense Aligners","@id":"https:\/\/commonsensealigners.com\/#\/schema\/person\/92ad13f52d18537425c7e990e1264c22"},"headline":"C\u00f3mo cerrar el diastema interincisivo tras un MARPE","datePublished":"2026-02-27T07:50:00+00:00","dateModified":"2026-02-26T16:50:55+00:00","mainEntityOfPage":{"@id":"https:\/\/commonsensealigners.com\/cerrar-diastema-tras-marpe\/"},"wordCount":656,"publisher":{"@id":"https:\/\/commonsensealigners.com\/#organization"},"image":{"@id":"https:\/\/commonsensealigners.com\/cerrar-diastema-tras-marpe\/#primaryimage"},"thumbnailUrl":"https:\/\/commonsensealigners.com\/wp-content\/uploads\/MINIATURA-YOUTUBE-CSA-BLOG.jpg","articleSection":["General"],"inLanguage":"en-GB"},{"@type":"WebPage","@id":"https:\/\/commonsensealigners.com\/cerrar-diastema-tras-marpe\/","url":"https:\/\/commonsensealigners.com\/cerrar-diastema-tras-marpe\/","name":"C\u00f3mo cerrar el diastema interincisivo tras un MARPE - Common Sense Aligners","isPartOf":{"@id":"https:\/\/commonsensealigners.com\/#website"},"primaryImageOfPage":{"@id":"https:\/\/commonsensealigners.com\/cerrar-diastema-tras-marpe\/#primaryimage"},"image":{"@id":"https:\/\/commonsensealigners.com\/cerrar-diastema-tras-marpe\/#primaryimage"},"thumbnailUrl":"https:\/\/commonsensealigners.com\/wp-content\/uploads\/MINIATURA-YOUTUBE-CSA-BLOG.jpg","datePublished":"2026-02-27T07:50:00+00:00","dateModified":"2026-02-26T16:50:55+00:00","breadcrumb":{"@id":"https:\/\/commonsensealigners.com\/cerrar-diastema-tras-marpe\/#breadcrumb"},"inLanguage":"en-GB","potentialAction":[{"@type":"ReadAction","target":["https:\/\/commonsensealigners.com\/cerrar-diastema-tras-marpe\/"]}]},{"@type":"ImageObject","inLanguage":"en-GB","@id":"https:\/\/commonsensealigners.com\/cerrar-diastema-tras-marpe\/#primaryimage","url":"https:\/\/commonsensealigners.com\/wp-content\/uploads\/MINIATURA-YOUTUBE-CSA-BLOG.jpg","contentUrl":"https:\/\/commonsensealigners.com\/wp-content\/uploads\/MINIATURA-YOUTUBE-CSA-BLOG.jpg","width":1280,"height":720},{"@type":"BreadcrumbList","@id":"https:\/\/commonsensealigners.com\/cerrar-diastema-tras-marpe\/#breadcrumb","itemListElement":[{"@type":"ListItem","position":1,"name":"Portada","item":"https:\/\/commonsensealigners.com\/"},{"@type":"ListItem","position":2,"name":"C\u00f3mo cerrar el diastema interincisivo tras un MARPE"}]},{"@type":"WebSite","@id":"https:\/\/commonsensealigners.com\/#website","url":"https:\/\/commonsensealigners.com\/","name":"Common Sense Aligners","description":"","publisher":{"@id":"https:\/\/commonsensealigners.com\/#organization"},"potentialAction":[{"@type":"SearchAction","target":{"@type":"EntryPoint","urlTemplate":"https:\/\/commonsensealigners.com\/?s={search_term_string}"},"query-input":"required name=search_term_string"}],"inLanguage":"en-GB"},{"@type":"Organization","@id":"https:\/\/commonsensealigners.com\/#organization","name":"Common Sense Aligners","url":"https:\/\/commonsensealigners.com\/","logo":{"@type":"ImageObject","inLanguage":"en-GB","@id":"https:\/\/commonsensealigners.com\/#\/schema\/logo\/image\/","url":"https:\/\/commonsensealigners.com\/wp-content\/uploads\/2024\/07\/CSA_Simbolo_3D_2.png","contentUrl":"https:\/\/commonsensealigners.com\/wp-content\/uploads\/2024\/07\/CSA_Simbolo_3D_2.png","width":513,"height":513,"caption":"Common Sense Aligners"},"image":{"@id":"https:\/\/commonsensealigners.com\/#\/schema\/logo\/image\/"},"sameAs":["https:\/\/www.instagram.com\/commonsensealigners"]},{"@type":"Person","@id":"https:\/\/commonsensealigners.com\/#\/schema\/person\/92ad13f52d18537425c7e990e1264c22","name":"Common Sense Aligners","sameAs":["https:\/\/viviendoenred.com\/common"],"url":"https:\/\/commonsensealigners.com\/en\/author\/admincommon\/"}]}},"_links":{"self":[{"href":"https:\/\/commonsensealigners.com\/en\/wp-json\/wp\/v2\/posts\/2110","targetHints":{"allow":["GET"]}}],"collection":[{"href":"https:\/\/commonsensealigners.com\/en\/wp-json\/wp\/v2\/posts"}],"about":[{"href":"https:\/\/commonsensealigners.com\/en\/wp-json\/wp\/v2\/types\/post"}],"author":[{"embeddable":true,"href":"https:\/\/commonsensealigners.com\/en\/wp-json\/wp\/v2\/users\/1"}],"replies":[{"embeddable":true,"href":"https:\/\/commonsensealigners.com\/en\/wp-json\/wp\/v2\/comments?post=2110"}],"version-history":[{"count":1,"href":"https:\/\/commonsensealigners.com\/en\/wp-json\/wp\/v2\/posts\/2110\/revisions"}],"predecessor-version":[{"id":2111,"href":"https:\/\/commonsensealigners.com\/en\/wp-json\/wp\/v2\/posts\/2110\/revisions\/2111"}],"wp:featuredmedia":[{"embeddable":true,"href":"https:\/\/commonsensealigners.com\/en\/wp-json\/wp\/v2\/media\/2112"}],"wp:attachment":[{"href":"https:\/\/commonsensealigners.com\/en\/wp-json\/wp\/v2\/media?parent=2110"}],"wp:term":[{"taxonomy":"category","embeddable":true,"href":"https:\/\/commonsensealigners.com\/en\/wp-json\/wp\/v2\/categories?post=2110"},{"taxonomy":"post_tag","embeddable":true,"href":"https:\/\/commonsensealigners.com\/en\/wp-json\/wp\/v2\/tags?post=2110"}],"curies":[{"name":"wp","href":"https:\/\/api.w.org\/{rel}","templated":true}]}}